{"id":623,"date":"2018-10-23T14:57:00","date_gmt":"2018-10-23T14:57:00","guid":{"rendered":"https:\/\/decorauvent.ca\/?p=623"},"modified":"2024-11-08T14:58:49","modified_gmt":"2024-11-08T14:58:49","slug":"voici-5-raisons-pourquoi-les-auvents-ne-se-demodent-pas","status":"publish","type":"post","link":"https:\/\/decorauvent.ca\/en\/voici-5-raisons-pourquoi-les-auvents-ne-se-demodent-pas\/","title":{"rendered":"Voici 5 raisons pourquoi les auvents ne se d\u00e9modent pas"},"content":{"rendered":"<p>Que vous soyez propri\u00e9taire de maison, restaurant ou centre de vill\u00e9giature et que vous envisagiez d\u2019investir dans un auvent, soyez assur\u00e9s que vous prenez la bonne d\u00e9cision. Toutefois, si vous avez encore des doutes et que vous ne savez pas si vous devrez faire cet investissement, vous trouverez cinq raisons pour lesquelles les auvents ne se d\u00e9modent pas ci-dessous.<\/p>\n\n\n\n<h2 class=\"wp-block-heading\">1. Ils vous prot\u00e8gent contre les intemp\u00e9ries<\/h2>\n\n\n\n<p>Une des raisons les plus \u00e9videntes pour lesquelles les auvents ne se d\u00e9modent pas est parce qu\u2019ils fournissent de l\u2019ombre pendant les chaudes journ\u00e9es d\u2019\u00e9t\u00e9, vous prot\u00e9geant ainsi que votre famille des rayons nocifs du soleil. Au lieu d\u2019avoir \u00e0 appliquer constamment un \u00e9cran solaire pour prot\u00e9ger votre peau du vieillissement pr\u00e9matur\u00e9, passez \u00e0 l\u2019ombre de l\u2019auvent et vous serez en s\u00e9curit\u00e9.<\/p>\n\n\n\n<p>Non seulement ils vous prot\u00e8gent, mais ils prot\u00e8gent \u00e9galement vos meubles d\u2019une trop grande exposition au soleil, ce qui provoquerait une d\u00e9coloration et un blanchiment. De plus, ils vous prot\u00e8gent m\u00eame lorsqu\u2019il pleut, vous permettant ainsi de profiter de votre espace ext\u00e9rieur quand vous le souhaitez. Donc, si vous avez envie de prendre l\u2019air, ou si vous avez envie de lire un livre \u00e0 l\u2019ext\u00e9rieur, vous pouvez le faire n\u2019importe quand avec un auvent !<\/p>\n\n\n\n<h2 class=\"wp-block-heading\">2. Les auvents ne n\u00e9cessitent que peu de maintenance<\/h2>\n\n\n\n<p>En raison de leur construction et de leur beaut\u00e9, de nombreuses personnes choisissent d\u2019investir dans un auvent, car elles estiment qu\u2019elles auront besoin de trop d\u2019entretien. Mais cela ne pourrait pas \u00eatre plus \u00e9loign\u00e9 de la v\u00e9rit\u00e9. En fait, les auvents n\u00e9cessitent g\u00e9n\u00e9ralement tr\u00e8s peu d\u2019entretien, tels que le nettoyage ponctuel et le lavage occasionnel.<\/p>\n\n\n\n<p>De plus, si l\u2019auvent est r\u00e9tractable, il vous suffit tout simplement de le r\u00e9tracter quand il ne fait pas beau. Cela le gardera propre et tout neuf !<\/p>\n\n\n\n<p>Pour plus d\u2019informations sur la maintenance des auvents, visitez&nbsp;<a href=\"https:\/\/decorauvent.ca\/en\/bien-entretenir-auvent-maximiser-duree-de-vie\/\">cette page<\/a>&nbsp;et vous verrez qu\u2019elles n\u00e9cessitent tr\u00e8s peu d\u2019entretien.<\/p>\n\n\n\n<h2 class=\"wp-block-heading\">3. Les auvents permettent d\u2019\u00e9conomiser en \u00e9nergie<\/h2>\n\n\n\n<p>L\u2019utilisation d\u2019auvents pour prot\u00e9ger vos fen\u00eatres rendra votre maison plus \u00e9conome en \u00e9nergie, car elle vous permettra d\u2019\u00e9conomiser sur les co\u00fbts li\u00e9s \u00e0 garder votre maison au frais en \u00e9t\u00e9. Si un auvent est plac\u00e9 pr\u00e8s de vos fen\u00eatres, il emp\u00eachera une partie du soleil d\u2019entrer par les fen\u00eatres et de chauffer votre maison, ce qui peut vous faire \u00e9conomiser de l\u2019argent sur vos factures d\u2019\u00e9lectricit\u00e9. Par cons\u00e9quent, un auvent vous prot\u00e8ge non seulement des intemp\u00e9ries tout en ajoutant de la valeur \u00e0 votre maison, mais constitue \u00e9galement un excellent investissement qui vous fera \u00e9conomiser de l\u2019argent \u00e0 long terme !<\/p>\n\n\n\n<h2 class=\"wp-block-heading\">4. Les auvent aident les familles \u00e0 profiter de leur cour-arri\u00e8re<\/h2>\n\n\n\n<p>Si vous envisagez d\u2019investir dans un auvent de patio ou de terrasse grand format, vous pourrez profiter de votre jardin \u00e0 tout moment de la journ\u00e9e sans vous soucier des rayons chauds et nocifs du soleil. Un auvent vous permet de profiter de votre temps \u00e0 l\u2019ext\u00e9rieur tout en vous aidant \u00e0 \u00e9viter la lumi\u00e8re aveuglante du soleil et vous fournira assez d\u2019ombre pour que vous puissiez avoir un bon d\u00eener en famille ou une f\u00eate dans votre cour-arri\u00e8re. De plus, de nombreux tissus, couleurs et tailles sont disponibles. Vous \u00eates donc assur\u00e9 de trouver un auvent qui conviendra aux besoins de votre famille, ainsi qu\u2019un auvent adapt\u00e9 aux conditions m\u00e9t\u00e9orologiques de votre r\u00e9gion.<\/p>\n\n\n\n<h2 class=\"wp-block-heading\">5. Les auvents am\u00e9liorent les restaurants et les centres de vill\u00e9giature<\/h2>\n\n\n\n<p>Si vous \u00eates propri\u00e9taire d\u2019un restaurant ou d\u2019un centre de vill\u00e9giature, vous envisagez peut-\u00eatre d\u2019investir dans un auvent traditionnel. La raison pour laquelle ils sont si populaires est qu\u2019un auvent traditionnel peut transformer n\u2019importe quel espace ext\u00e9rieur en un espace confortable pour vos clients et vos invit\u00e9s. Cela vous permettra d\u2019augmenter le nombre de places assises dont votre restaurant ou votre complexe dispose \u2013 car qui n\u2019aime pas s\u2019asseoir \u00e0 l\u2019ext\u00e9rieur pendant les mois les plus chauds ? Pour les propri\u00e9taires, vous pouvez toutefois rendre votre espace de piscine plus confortable pour ceux qui ne se sentent pas \u00e0 l\u2019aise d\u2019\u00eatre assis au soleil toute la journ\u00e9e.<\/p>\n\n\n\n<p>Si le motif ou la couleur de votre auvent ne sont plus \u00e0 la mode, assurez-vous qu\u2019il est toujours possible de le changer ou de le remplacer ult\u00e9rieurement. La beaut\u00e9 d\u2019un auvent, c\u2019est que vous pouvez toujours le garder dans les tendances les plus en vogue. Tout ce que vous avez \u00e0 faire est de choisir un cadre robuste et de qualit\u00e9, car cela garantira une dur\u00e9e de vie tr\u00e8s longue.<\/p>\n\n\n\n<p>Chez D\u00e9cor Au Vent, nous nous assurerons que vous \u00eates toujours absolument satisfait de votre auvent et que vous profiterez de cet investissement exceptionnel !<\/p>","protected":false},"excerpt":{"rendered":"<p>Que vous soyez propri\u00e9taire de maison, restaurant ou centre de vill\u00e9giature et que vous envisagiez d\u2019investir dans un auvent, soyez assur\u00e9s que vous prenez la bonne d\u00e9cision. Toutefois, si vous avez encore des doutes et que vous ne savez pas si vous devrez faire cet investissement, vous trouverez cinq raisons pour lesquelles les auvents ne [&hellip;]<\/p>\n","protected":false},"author":2,"featured_media":625,"comment_status":"open","ping_status":"open","sticky":false,"template":"","format":"standard","meta":{"_coblocks_attr":"","_coblocks_dimensions":"","_coblocks_responsive_height":"","_coblocks_accordion_ie_support":"","footnotes":""},"categories":[],"tags":[],"class_list":["post-623","post","type-post","status-publish","format-standard","has-post-thumbnail","hentry"],"yoast_head":"<!-- This site is optimized with the Yoast SEO plugin v27.5 - https:\/\/yoast.com\/product\/yoast-seo-wordpress\/ -->\n<title>Voici 5 raisons pourquoi les auvents ne se d\u00e9modent pas - D\u00e9cor Au Vent<\/title>\n<meta name=\"robots\" content=\"index, follow, max-snippet:-1, max-image-preview:large, max-video-preview:-1\" \/>\n<link rel=\"canonical\" href=\"https:\/\/decorauvent.ca\/en\/voici-5-raisons-pourquoi-les-auvents-ne-se-demodent-pas\/\" \/>\n<meta property=\"og:locale\" content=\"en_US\" \/>\n<meta property=\"og:type\" content=\"article\" \/>\n<meta property=\"og:title\" content=\"Voici 5 raisons pourquoi les auvents ne se d\u00e9modent pas - D\u00e9cor Au Vent\" \/>\n<meta property=\"og:description\" content=\"Que vous soyez propri\u00e9taire de maison, restaurant ou centre de vill\u00e9giature et que vous envisagiez d\u2019investir dans un auvent, soyez assur\u00e9s que vous prenez la bonne d\u00e9cision. Toutefois, si vous avez encore des doutes et que vous ne savez pas si vous devrez faire cet investissement, vous trouverez cinq raisons pour lesquelles les auvents ne [&hellip;]\" \/>\n<meta property=\"og:url\" content=\"https:\/\/decorauvent.ca\/en\/voici-5-raisons-pourquoi-les-auvents-ne-se-demodent-pas\/\" \/>\n<meta property=\"og:site_name\" content=\"D\u00e9cor Au Vent\" \/>\n<meta property=\"article:published_time\" content=\"2018-10-23T14:57:00+00:00\" \/>\n<meta property=\"article:modified_time\" content=\"2024-11-08T14:58:49+00:00\" \/>\n<meta property=\"og:image\" content=\"https:\/\/decorauvent.ca\/wp-content\/uploads\/2018\/10\/voici-5-raisons-pourquoi-les-auvents-ne-se-demodent-pas.jpg\" \/>\n\t<meta property=\"og:image:width\" content=\"1000\" \/>\n\t<meta property=\"og:image:height\" content=\"500\" \/>\n\t<meta property=\"og:image:type\" content=\"image\/jpeg\" \/>\n<meta name=\"author\" content=\"Sara De Resende\" \/>\n<meta name=\"twitter:card\" content=\"summary_large_image\" \/>\n<meta name=\"twitter:label1\" content=\"Written by\" \/>\n\t<meta name=\"twitter:data1\" content=\"Sara De Resende\" \/>\n\t<meta name=\"twitter:label2\" content=\"Est. reading time\" \/>\n\t<meta name=\"twitter:data2\" content=\"4 minutes\" \/>\n<script type=\"application\/ld+json\" class=\"yoast-schema-graph\">{\"@context\":\"https:\\\/\\\/schema.org\",\"@graph\":[{\"@type\":\"Article\",\"@id\":\"https:\\\/\\\/decorauvent.ca\\\/voici-5-raisons-pourquoi-les-auvents-ne-se-demodent-pas\\\/#article\",\"isPartOf\":{\"@id\":\"https:\\\/\\\/decorauvent.ca\\\/voici-5-raisons-pourquoi-les-auvents-ne-se-demodent-pas\\\/\"},\"author\":{\"name\":\"Sara De Resende\",\"@id\":\"https:\\\/\\\/decorauvent.ca\\\/#\\\/schema\\\/person\\\/8c6784c48d1117ced138511d873d199d\"},\"headline\":\"Voici 5 raisons pourquoi les auvents ne se d\u00e9modent pas\",\"datePublished\":\"2018-10-23T14:57:00+00:00\",\"dateModified\":\"2024-11-08T14:58:49+00:00\",\"mainEntityOfPage\":{\"@id\":\"https:\\\/\\\/decorauvent.ca\\\/voici-5-raisons-pourquoi-les-auvents-ne-se-demodent-pas\\\/\"},\"wordCount\":859,\"commentCount\":0,\"publisher\":{\"@id\":\"https:\\\/\\\/decorauvent.ca\\\/#organization\"},\"image\":{\"@id\":\"https:\\\/\\\/decorauvent.ca\\\/voici-5-raisons-pourquoi-les-auvents-ne-se-demodent-pas\\\/#primaryimage\"},\"thumbnailUrl\":\"https:\\\/\\\/decorauvent.ca\\\/wp-content\\\/uploads\\\/2018\\\/10\\\/voici-5-raisons-pourquoi-les-auvents-ne-se-demodent-pas.jpg\",\"inLanguage\":\"en-US\",\"potentialAction\":[{\"@type\":\"CommentAction\",\"name\":\"Comment\",\"target\":[\"https:\\\/\\\/decorauvent.ca\\\/voici-5-raisons-pourquoi-les-auvents-ne-se-demodent-pas\\\/#respond\"]}]},{\"@type\":\"WebPage\",\"@id\":\"https:\\\/\\\/decorauvent.ca\\\/voici-5-raisons-pourquoi-les-auvents-ne-se-demodent-pas\\\/\",\"url\":\"https:\\\/\\\/decorauvent.ca\\\/voici-5-raisons-pourquoi-les-auvents-ne-se-demodent-pas\\\/\",\"name\":\"Voici 5 raisons pourquoi les auvents ne se d\u00e9modent pas - D\u00e9cor Au Vent\",\"isPartOf\":{\"@id\":\"https:\\\/\\\/decorauvent.ca\\\/#website\"},\"primaryImageOfPage\":{\"@id\":\"https:\\\/\\\/decorauvent.ca\\\/voici-5-raisons-pourquoi-les-auvents-ne-se-demodent-pas\\\/#primaryimage\"},\"image\":{\"@id\":\"https:\\\/\\\/decorauvent.ca\\\/voici-5-raisons-pourquoi-les-auvents-ne-se-demodent-pas\\\/#primaryimage\"},\"thumbnailUrl\":\"https:\\\/\\\/decorauvent.ca\\\/wp-content\\\/uploads\\\/2018\\\/10\\\/voici-5-raisons-pourquoi-les-auvents-ne-se-demodent-pas.jpg\",\"datePublished\":\"2018-10-23T14:57:00+00:00\",\"dateModified\":\"2024-11-08T14:58:49+00:00\",\"breadcrumb\":{\"@id\":\"https:\\\/\\\/decorauvent.ca\\\/voici-5-raisons-pourquoi-les-auvents-ne-se-demodent-pas\\\/#breadcrumb\"},\"inLanguage\":\"en-US\",\"potentialAction\":[{\"@type\":\"ReadAction\",\"target\":[\"https:\\\/\\\/decorauvent.ca\\\/voici-5-raisons-pourquoi-les-auvents-ne-se-demodent-pas\\\/\"]}]},{\"@type\":\"ImageObject\",\"inLanguage\":\"en-US\",\"@id\":\"https:\\\/\\\/decorauvent.ca\\\/voici-5-raisons-pourquoi-les-auvents-ne-se-demodent-pas\\\/#primaryimage\",\"url\":\"https:\\\/\\\/decorauvent.ca\\\/wp-content\\\/uploads\\\/2018\\\/10\\\/voici-5-raisons-pourquoi-les-auvents-ne-se-demodent-pas.jpg\",\"contentUrl\":\"https:\\\/\\\/decorauvent.ca\\\/wp-content\\\/uploads\\\/2018\\\/10\\\/voici-5-raisons-pourquoi-les-auvents-ne-se-demodent-pas.jpg\",\"width\":1000,\"height\":500},{\"@type\":\"BreadcrumbList\",\"@id\":\"https:\\\/\\\/decorauvent.ca\\\/voici-5-raisons-pourquoi-les-auvents-ne-se-demodent-pas\\\/#breadcrumb\",\"itemListElement\":[{\"@type\":\"ListItem\",\"position\":1,\"name\":\"Portada\",\"item\":\"https:\\\/\\\/decorauvent.ca\\\/\"},{\"@type\":\"ListItem\",\"position\":2,\"name\":\"Voici 5 raisons pourquoi les auvents ne se d\u00e9modent pas\"}]},{\"@type\":\"WebSite\",\"@id\":\"https:\\\/\\\/decorauvent.ca\\\/#website\",\"url\":\"https:\\\/\\\/decorauvent.ca\\\/\",\"name\":\"D\u00e9cor Au Vent\",\"description\":\"Le sp\u00e9cialiste des auvents sur mesure au Qu\u00e9bec\",\"publisher\":{\"@id\":\"https:\\\/\\\/decorauvent.ca\\\/#organization\"},\"potentialAction\":[{\"@type\":\"SearchAction\",\"target\":{\"@type\":\"EntryPoint\",\"urlTemplate\":\"https:\\\/\\\/decorauvent.ca\\\/?s={search_term_string}\"},\"query-input\":{\"@type\":\"PropertyValueSpecification\",\"valueRequired\":true,\"valueName\":\"search_term_string\"}}],\"inLanguage\":\"en-US\"},{\"@type\":\"Organization\",\"@id\":\"https:\\\/\\\/decorauvent.ca\\\/#organization\",\"name\":\"D\u00e9cor Au Vent\",\"url\":\"https:\\\/\\\/decorauvent.ca\\\/\",\"logo\":{\"@type\":\"ImageObject\",\"inLanguage\":\"en-US\",\"@id\":\"https:\\\/\\\/decorauvent.ca\\\/#\\\/schema\\\/logo\\\/image\\\/\",\"url\":\"\",\"contentUrl\":\"\",\"caption\":\"D\u00e9cor Au Vent\"},\"image\":{\"@id\":\"https:\\\/\\\/decorauvent.ca\\\/#\\\/schema\\\/logo\\\/image\\\/\"}},{\"@type\":\"Person\",\"@id\":\"https:\\\/\\\/decorauvent.ca\\\/#\\\/schema\\\/person\\\/8c6784c48d1117ced138511d873d199d\",\"name\":\"Sara De Resende\",\"image\":{\"@type\":\"ImageObject\",\"inLanguage\":\"en-US\",\"@id\":\"https:\\\/\\\/secure.gravatar.com\\\/avatar\\\/c7e76a847af8cd0fc0e3c38933c268cf7fbc6dea8af674db36464a761a6cd3f6?s=96&d=mm&r=g\",\"url\":\"https:\\\/\\\/secure.gravatar.com\\\/avatar\\\/c7e76a847af8cd0fc0e3c38933c268cf7fbc6dea8af674db36464a761a6cd3f6?s=96&d=mm&r=g\",\"contentUrl\":\"https:\\\/\\\/secure.gravatar.com\\\/avatar\\\/c7e76a847af8cd0fc0e3c38933c268cf7fbc6dea8af674db36464a761a6cd3f6?s=96&d=mm&r=g\",\"caption\":\"Sara De Resende\"},\"url\":\"https:\\\/\\\/decorauvent.ca\\\/en\\\/author\\\/sara-de-resende\\\/\"}]}<\/script>\n<!-- \/ Yoast SEO plugin. -->","yoast_head_json":{"title":"Voici 5 raisons pourquoi les auvents ne se d\u00e9modent pas - D\u00e9cor Au Vent","robots":{"index":"index","follow":"follow","max-snippet":"max-snippet:-1","max-image-preview":"max-image-preview:large","max-video-preview":"max-video-preview:-1"},"canonical":"https:\/\/decorauvent.ca\/en\/voici-5-raisons-pourquoi-les-auvents-ne-se-demodent-pas\/","og_locale":"en_US","og_type":"article","og_title":"Voici 5 raisons pourquoi les auvents ne se d\u00e9modent pas - D\u00e9cor Au Vent","og_description":"Que vous soyez propri\u00e9taire de maison, restaurant ou centre de vill\u00e9giature et que vous envisagiez d\u2019investir dans un auvent, soyez assur\u00e9s que vous prenez la bonne d\u00e9cision. Toutefois, si vous avez encore des doutes et que vous ne savez pas si vous devrez faire cet investissement, vous trouverez cinq raisons pour lesquelles les auvents ne [&hellip;]","og_url":"https:\/\/decorauvent.ca\/en\/voici-5-raisons-pourquoi-les-auvents-ne-se-demodent-pas\/","og_site_name":"D\u00e9cor Au Vent","article_published_time":"2018-10-23T14:57:00+00:00","article_modified_time":"2024-11-08T14:58:49+00:00","og_image":[{"width":1000,"height":500,"url":"https:\/\/decorauvent.ca\/wp-content\/uploads\/2018\/10\/voici-5-raisons-pourquoi-les-auvents-ne-se-demodent-pas.jpg","type":"image\/jpeg"}],"author":"Sara De Resende","twitter_card":"summary_large_image","twitter_misc":{"Written by":"Sara De Resende","Est. reading time":"4 minutes"},"schema":{"@context":"https:\/\/schema.org","@graph":[{"@type":"Article","@id":"https:\/\/decorauvent.ca\/voici-5-raisons-pourquoi-les-auvents-ne-se-demodent-pas\/#article","isPartOf":{"@id":"https:\/\/decorauvent.ca\/voici-5-raisons-pourquoi-les-auvents-ne-se-demodent-pas\/"},"author":{"name":"Sara De Resende","@id":"https:\/\/decorauvent.ca\/#\/schema\/person\/8c6784c48d1117ced138511d873d199d"},"headline":"Voici 5 raisons pourquoi les auvents ne se d\u00e9modent pas","datePublished":"2018-10-23T14:57:00+00:00","dateModified":"2024-11-08T14:58:49+00:00","mainEntityOfPage":{"@id":"https:\/\/decorauvent.ca\/voici-5-raisons-pourquoi-les-auvents-ne-se-demodent-pas\/"},"wordCount":859,"commentCount":0,"publisher":{"@id":"https:\/\/decorauvent.ca\/#organization"},"image":{"@id":"https:\/\/decorauvent.ca\/voici-5-raisons-pourquoi-les-auvents-ne-se-demodent-pas\/#primaryimage"},"thumbnailUrl":"https:\/\/decorauvent.ca\/wp-content\/uploads\/2018\/10\/voici-5-raisons-pourquoi-les-auvents-ne-se-demodent-pas.jpg","inLanguage":"en-US","potentialAction":[{"@type":"CommentAction","name":"Comment","target":["https:\/\/decorauvent.ca\/voici-5-raisons-pourquoi-les-auvents-ne-se-demodent-pas\/#respond"]}]},{"@type":"WebPage","@id":"https:\/\/decorauvent.ca\/voici-5-raisons-pourquoi-les-auvents-ne-se-demodent-pas\/","url":"https:\/\/decorauvent.ca\/voici-5-raisons-pourquoi-les-auvents-ne-se-demodent-pas\/","name":"Voici 5 raisons pourquoi les auvents ne se d\u00e9modent pas - D\u00e9cor Au Vent","isPartOf":{"@id":"https:\/\/decorauvent.ca\/#website"},"primaryImageOfPage":{"@id":"https:\/\/decorauvent.ca\/voici-5-raisons-pourquoi-les-auvents-ne-se-demodent-pas\/#primaryimage"},"image":{"@id":"https:\/\/decorauvent.ca\/voici-5-raisons-pourquoi-les-auvents-ne-se-demodent-pas\/#primaryimage"},"thumbnailUrl":"https:\/\/decorauvent.ca\/wp-content\/uploads\/2018\/10\/voici-5-raisons-pourquoi-les-auvents-ne-se-demodent-pas.jpg","datePublished":"2018-10-23T14:57:00+00:00","dateModified":"2024-11-08T14:58:49+00:00","breadcrumb":{"@id":"https:\/\/decorauvent.ca\/voici-5-raisons-pourquoi-les-auvents-ne-se-demodent-pas\/#breadcrumb"},"inLanguage":"en-US","potentialAction":[{"@type":"ReadAction","target":["https:\/\/decorauvent.ca\/voici-5-raisons-pourquoi-les-auvents-ne-se-demodent-pas\/"]}]},{"@type":"ImageObject","inLanguage":"en-US","@id":"https:\/\/decorauvent.ca\/voici-5-raisons-pourquoi-les-auvents-ne-se-demodent-pas\/#primaryimage","url":"https:\/\/decorauvent.ca\/wp-content\/uploads\/2018\/10\/voici-5-raisons-pourquoi-les-auvents-ne-se-demodent-pas.jpg","contentUrl":"https:\/\/decorauvent.ca\/wp-content\/uploads\/2018\/10\/voici-5-raisons-pourquoi-les-auvents-ne-se-demodent-pas.jpg","width":1000,"height":500},{"@type":"BreadcrumbList","@id":"https:\/\/decorauvent.ca\/voici-5-raisons-pourquoi-les-auvents-ne-se-demodent-pas\/#breadcrumb","itemListElement":[{"@type":"ListItem","position":1,"name":"Portada","item":"https:\/\/decorauvent.ca\/"},{"@type":"ListItem","position":2,"name":"Voici 5 raisons pourquoi les auvents ne se d\u00e9modent pas"}]},{"@type":"WebSite","@id":"https:\/\/decorauvent.ca\/#website","url":"https:\/\/decorauvent.ca\/","name":"D\u00e9cor Au Vent","description":"The Specialist in Custom Awnings in Quebec","publisher":{"@id":"https:\/\/decorauvent.ca\/#organization"},"potentialAction":[{"@type":"SearchAction","target":{"@type":"EntryPoint","urlTemplate":"https:\/\/decorauvent.ca\/?s={search_term_string}"},"query-input":{"@type":"PropertyValueSpecification","valueRequired":true,"valueName":"search_term_string"}}],"inLanguage":"en-US"},{"@type":"Organization","@id":"https:\/\/decorauvent.ca\/#organization","name":"D\u00e9cor Au Vent","url":"https:\/\/decorauvent.ca\/","logo":{"@type":"ImageObject","inLanguage":"en-US","@id":"https:\/\/decorauvent.ca\/#\/schema\/logo\/image\/","url":"","contentUrl":"","caption":"D\u00e9cor Au Vent"},"image":{"@id":"https:\/\/decorauvent.ca\/#\/schema\/logo\/image\/"}},{"@type":"Person","@id":"https:\/\/decorauvent.ca\/#\/schema\/person\/8c6784c48d1117ced138511d873d199d","name":"Sara De Resende","image":{"@type":"ImageObject","inLanguage":"en-US","@id":"https:\/\/secure.gravatar.com\/avatar\/c7e76a847af8cd0fc0e3c38933c268cf7fbc6dea8af674db36464a761a6cd3f6?s=96&d=mm&r=g","url":"https:\/\/secure.gravatar.com\/avatar\/c7e76a847af8cd0fc0e3c38933c268cf7fbc6dea8af674db36464a761a6cd3f6?s=96&d=mm&r=g","contentUrl":"https:\/\/secure.gravatar.com\/avatar\/c7e76a847af8cd0fc0e3c38933c268cf7fbc6dea8af674db36464a761a6cd3f6?s=96&d=mm&r=g","caption":"Sara De Resende"},"url":"https:\/\/decorauvent.ca\/en\/author\/sara-de-resende\/"}]}},"_links":{"self":[{"href":"https:\/\/decorauvent.ca\/en\/wp-json\/wp\/v2\/posts\/623","targetHints":{"allow":["GET"]}}],"collection":[{"href":"https:\/\/decorauvent.ca\/en\/wp-json\/wp\/v2\/posts"}],"about":[{"href":"https:\/\/decorauvent.ca\/en\/wp-json\/wp\/v2\/types\/post"}],"author":[{"embeddable":true,"href":"https:\/\/decorauvent.ca\/en\/wp-json\/wp\/v2\/users\/2"}],"replies":[{"embeddable":true,"href":"https:\/\/decorauvent.ca\/en\/wp-json\/wp\/v2\/comments?post=623"}],"version-history":[{"count":1,"href":"https:\/\/decorauvent.ca\/en\/wp-json\/wp\/v2\/posts\/623\/revisions"}],"predecessor-version":[{"id":624,"href":"https:\/\/decorauvent.ca\/en\/wp-json\/wp\/v2\/posts\/623\/revisions\/624"}],"wp:featuredmedia":[{"embeddable":true,"href":"https:\/\/decorauvent.ca\/en\/wp-json\/wp\/v2\/media\/625"}],"wp:attachment":[{"href":"https:\/\/decorauvent.ca\/en\/wp-json\/wp\/v2\/media?parent=623"}],"wp:term":[{"taxonomy":"category","embeddable":true,"href":"https:\/\/decorauvent.ca\/en\/wp-json\/wp\/v2\/categories?post=623"},{"taxonomy":"post_tag","embeddable":true,"href":"https:\/\/decorauvent.ca\/en\/wp-json\/wp\/v2\/tags?post=623"}],"curies":[{"name":"wp","href":"https:\/\/api.w.org\/{rel}","templated":true}]}}